{"id":343,"date":"2025-10-16T10:46:38","date_gmt":"2025-10-16T08:46:38","guid":{"rendered":"https:\/\/ceiplasportadas.es\/?p=343"},"modified":"2025-10-16T10:58:46","modified_gmt":"2025-10-16T08:58:46","slug":"%f0%9f%8f%ab-conocenos","status":"publish","type":"post","link":"https:\/\/ceiplasportadas.es\/?p=343","title":{"rendered":"\ud83c\udfeb CON\u00d3CENOS"},"content":{"rendered":"<p>El CEIP Las Portadas es un centro p\u00fablico de Educaci\u00f3n Infantil y Primaria situado en la barriada de Las Portadas, en Dos Hermanas (Sevilla). Somos un colegio comprometido con la educaci\u00f3n integral y en valores, que apuesta por la inclusi\u00f3n, la innovaci\u00f3n y la participaci\u00f3n activa de las familias.<br \/>\nNuestro equipo docente trabaja d\u00eda a d\u00eda para ofrecer una ense\u00f1anza personalizada, cercana y de calidad, atendiendo a la diversidad y fomentando el desarrollo acad\u00e9mico, emocional y social del alumnado.<br \/>\nEl centro cuenta con un aula espec\u00edfica de educaci\u00f3n especial, que permite atender las distintas necesidades del alumnado y garantizar una educaci\u00f3n inclusiva.<br \/>\nEn el CEIP Las Portadas creemos que la escuela es un espacio donde se aprende con emoci\u00f3n, creatividad, esfuerzo y cooperaci\u00f3n, favoreciendo un clima de convivencia positiva y respeto mutuo.<\/p>\n","protected":false},"excerpt":{"rendered":"<p>El CEIP Las Portadas es un centro p\u00fablico de Educaci\u00f3n [&hellip;]<\/p>\n","protected":false},"author":1,"featured_media":0,"comment_status":"open","ping_status":"open","sticky":false,"template":"","format":"standard","meta":{"footnotes":""},"categories":[11],"tags":[],"class_list":["post-343","post","type-post","status-publish","format-standard","hentry","category-conocenos"],"_links":{"self":[{"href":"https:\/\/ceiplasportadas.es\/index.php?rest_route=\/wp\/v2\/posts\/343","targetHints":{"allow":["GET"]}}],"collection":[{"href":"https:\/\/ceiplasportadas.es\/index.php?rest_route=\/wp\/v2\/posts"}],"about":[{"href":"https:\/\/ceiplasportadas.es\/index.php?rest_route=\/wp\/v2\/types\/post"}],"author":[{"embeddable":true,"href":"https:\/\/ceiplasportadas.es\/index.php?rest_route=\/wp\/v2\/users\/1"}],"replies":[{"embeddable":true,"href":"https:\/\/ceiplasportadas.es\/index.php?rest_route=%2Fwp%2Fv2%2Fcomments&post=343"}],"version-history":[{"count":1,"href":"https:\/\/ceiplasportadas.es\/index.php?rest_route=\/wp\/v2\/posts\/343\/revisions"}],"predecessor-version":[{"id":344,"href":"https:\/\/ceiplasportadas.es\/index.php?rest_route=\/wp\/v2\/posts\/343\/revisions\/344"}],"wp:attachment":[{"href":"https:\/\/ceiplasportadas.es\/index.php?rest_route=%2Fwp%2Fv2%2Fmedia&parent=343"}],"wp:term":[{"taxonomy":"category","embeddable":true,"href":"https:\/\/ceiplasportadas.es\/index.php?rest_route=%2Fwp%2Fv2%2Fcategories&post=343"},{"taxonomy":"post_tag","embeddable":true,"href":"https:\/\/ceiplasportadas.es\/index.php?rest_route=%2Fwp%2Fv2%2Ftags&post=343"}],"curies":[{"name":"wp","href":"https:\/\/api.w.org\/{rel}","templated":true}]}}