{"id":566,"date":"2026-02-11T09:46:29","date_gmt":"2026-02-11T08:46:29","guid":{"rendered":"https:\/\/ceiplasportadas.es\/?p=566"},"modified":"2026-02-11T09:46:29","modified_gmt":"2026-02-11T08:46:29","slug":"nuestro-centro-camina-por-la-infancia-marcha-solidaria-con-save-the-children","status":"publish","type":"post","link":"https:\/\/ceiplasportadas.es\/?p=566","title":{"rendered":"Nuestro centro camina por la infancia: marcha solidaria con Save the Children"},"content":{"rendered":"<div class=\"fusion-fullwidth fullwidth-box fusion-builder-row-1 fusion-flex-container nonhundred-percent-fullwidth non-hundred-percent-height-scrolling\" style=\"background-color: rgba(255,255,255,0);background-position: center center;background-repeat: no-repeat;border-width: 0px 0px 0px 0px;border-color:#e2e2e2;border-style:solid;\" ><div class=\"fusion-builder-row fusion-row fusion-flex-align-items-flex-start\" style=\"max-width:1248px;margin-left: calc(-4% \/ 2 );margin-right: calc(-4% \/ 2 );\"><div class=\"fusion-layout-column fusion_builder_column fusion-builder-column-0 fusion_builder_column_1_1 1_1 fusion-flex-column\"><div class=\"fusion-column-wrapper fusion-flex-justify-content-flex-start fusion-content-layout-column\" style=\"background-position:left top;background-repeat:no-repeat;-webkit-background-size:cover;-moz-background-size:cover;-o-background-size:cover;background-size:cover;padding: 0px 0px 0px 0px;\"><div ><span class=\" fusion-imageframe imageframe-none imageframe-1 hover-type-none\"><img decoding=\"async\" width=\"1920\" height=\"1920\" title=\"DI\u0301A DE LA PAZ\" src=\"https:\/\/ceiplasportadas.es\/wp-content\/uploads\/2026\/02\/DIA-DE-LA-PAZ.jpg\" class=\"img-responsive wp-image-567\" srcset=\"https:\/\/ceiplasportadas.es\/wp-content\/uploads\/2026\/02\/DIA-DE-LA-PAZ-200x200.jpg 200w, https:\/\/ceiplasportadas.es\/wp-content\/uploads\/2026\/02\/DIA-DE-LA-PAZ-400x400.jpg 400w, https:\/\/ceiplasportadas.es\/wp-content\/uploads\/2026\/02\/DIA-DE-LA-PAZ-600x600.jpg 600w, https:\/\/ceiplasportadas.es\/wp-content\/uploads\/2026\/02\/DIA-DE-LA-PAZ-800x800.jpg 800w, https:\/\/ceiplasportadas.es\/wp-content\/uploads\/2026\/02\/DIA-DE-LA-PAZ-1200x1200.jpg 1200w, https:\/\/ceiplasportadas.es\/wp-content\/uploads\/2026\/02\/DIA-DE-LA-PAZ.jpg 1920w\" sizes=\"(max-width: 640px) 100vw, 1200px\" \/><\/span><\/div><div class=\"fusion-text fusion-text-1\" style=\"transform:translate3d(0,0,0);\"><p>Un a\u00f1o m\u00e1s, nuestra comunidad educativa ha mostrado su cara m\u00e1s solidaria colaborando con la ONG\u00a0<strong>Save the Children<\/strong>. Alumnado, profesorado y familias participamos juntos en una marcha solidaria por las calles del barrio, que estuvo acompa\u00f1ada de m\u00fasica y de carteles elaborados con ilusi\u00f3n por nuestros estudiantes.<\/p>\n<p>Esta actividad formaba parte de la campa\u00f1a para apoyar la lucha contra la\u00a0<strong>desnutrici\u00f3n infantil<\/strong>, una causa que nos\u00a0concierne\u00a0a todos y todas. La participaci\u00f3n y el compromiso de las familias y del alumnado hicieron de la jornada un momento especial de convivencia y aprendizaje en valores como la empat\u00eda, la cooperaci\u00f3n y la responsabilidad social.<\/p>\n<p>Gracias a vuestra generosidad, hemos conseguido recaudar\u00a0<strong>235,30 \u20ac<\/strong>, cantidad que ya ha sido entregada a Save the Children para apoyar sus proyectos en favor de la infancia m\u00e1s vulnerable.<\/p>\n<p>De coraz\u00f3n, gracias por vuestra solidaridad y compromiso. Entre todos y todas seguimos educando tambi\u00e9n en valores. \ud83d\udc99<\/p>\n<\/div><\/div><\/div><style type=\"text\/css\">.fusion-body .fusion-builder-column-0{width:100% !important;margin-top : 0px;margin-bottom : 20px;}.fusion-builder-column-0 > .fusion-column-wrapper {padding-top : 0px !important;padding-right : 0px !important;margin-right : 1.92%;padding-bottom : 0px !important;padding-left : 0px !important;margin-left : 1.92%;}@media only screen and (max-width:1024px) {.fusion-body .fusion-builder-column-0{width:100% !important;order : 0;}.fusion-builder-column-0 > .fusion-column-wrapper {margin-right : 1.92%;margin-left : 1.92%;}}@media only screen and (max-width:640px) {.fusion-body .fusion-builder-column-0{width:100% !important;order : 0;}.fusion-builder-column-0 > .fusion-column-wrapper {margin-right : 1.92%;margin-left : 1.92%;}}<\/style><\/div><style type=\"text\/css\">.fusion-body .fusion-flex-container.fusion-builder-row-1{ padding-top : 0px;margin-top : 0px;padding-right : 0px;padding-bottom : 0px;margin-bottom : 0px;padding-left : 0px;}<\/style><\/div>\n","protected":false},"excerpt":{"rendered":"","protected":false},"author":1,"featured_media":567,"comment_status":"open","ping_status":"open","sticky":false,"template":"","format":"standard","meta":{"footnotes":""},"categories":[18],"tags":[],"class_list":["post-566","post","type-post","status-publish","format-standard","has-post-thumbnail","hentry","category-efemerides"],"_links":{"self":[{"href":"https:\/\/ceiplasportadas.es\/index.php?rest_route=\/wp\/v2\/posts\/566","targetHints":{"allow":["GET"]}}],"collection":[{"href":"https:\/\/ceiplasportadas.es\/index.php?rest_route=\/wp\/v2\/posts"}],"about":[{"href":"https:\/\/ceiplasportadas.es\/index.php?rest_route=\/wp\/v2\/types\/post"}],"author":[{"embeddable":true,"href":"https:\/\/ceiplasportadas.es\/index.php?rest_route=\/wp\/v2\/users\/1"}],"replies":[{"embeddable":true,"href":"https:\/\/ceiplasportadas.es\/index.php?rest_route=%2Fwp%2Fv2%2Fcomments&post=566"}],"version-history":[{"count":1,"href":"https:\/\/ceiplasportadas.es\/index.php?rest_route=\/wp\/v2\/posts\/566\/revisions"}],"predecessor-version":[{"id":568,"href":"https:\/\/ceiplasportadas.es\/index.php?rest_route=\/wp\/v2\/posts\/566\/revisions\/568"}],"wp:featuredmedia":[{"embeddable":true,"href":"https:\/\/ceiplasportadas.es\/index.php?rest_route=\/wp\/v2\/media\/567"}],"wp:attachment":[{"href":"https:\/\/ceiplasportadas.es\/index.php?rest_route=%2Fwp%2Fv2%2Fmedia&parent=566"}],"wp:term":[{"taxonomy":"category","embeddable":true,"href":"https:\/\/ceiplasportadas.es\/index.php?rest_route=%2Fwp%2Fv2%2Fcategories&post=566"},{"taxonomy":"post_tag","embeddable":true,"href":"https:\/\/ceiplasportadas.es\/index.php?rest_route=%2Fwp%2Fv2%2Ftags&post=566"}],"curies":[{"name":"wp","href":"https:\/\/api.w.org\/{rel}","templated":true}]}}